{"id":9350,"date":"2023-04-12T21:21:02","date_gmt":"2023-04-12T21:21:02","guid":{"rendered":"http:\/\/54.188.8.157\/news\/jewelry-designer-to-showcase-collection-benefitting-saprea-french\/"},"modified":"2023-09-25T11:59:58","modified_gmt":"2023-09-25T17:59:58","slug":"evelyn-sadovsky-collection-saprea","status":"publish","type":"news","link":"https:\/\/saprea.org\/fr\/actualites\/evelyn-sadovsky-collection-saprea\/","title":{"rendered":"Collection de bijoux lanc\u00e9 au profit de Saprea"},"excerpt":{"rendered":"<p>Le sommet de c\u00e9l\u00e9bration de la Journ\u00e9e internationale de la femme, organis\u00e9 par la Chambre de commerce des femmes d&rsquo;Atlanta le 8 mars, pr\u00e9sentera une nouvelle collection de bijoux de la cr\u00e9atrice Evelyn Sadovsky au profit de Saprea.<\/p>\n","protected":false},"author":2,"featured_media":6921,"template":"","categories":[],"class_list":["post-9350","news","type-news","status-publish","has-post-thumbnail","hentry"],"yoast_head":"<!-- This site is optimized with the Yoast SEO plugin v27.3 - https:\/\/yoast.com\/product\/yoast-seo-wordpress\/ -->\n<title>Collection de bijoux lanc\u00e9 au profit de Saprea<\/title>\n<meta name=\"description\" content=\"Collection de bijoux de la cr\u00e9atrice Evelyn Sadovsky au profit de Saprea pr\u00e9sent\u00e9 au sommet de c\u00e9l\u00e9bration de la Journ\u00e9e internationale de la femme.\" \/>\n<meta name=\"robots\" content=\"index, follow, max-snippet:-1, max-image-preview:large, max-video-preview:-1\" \/>\n<link rel=\"canonical\" href=\"https:\/\/saprea.org\/fr\/actualites\/evelyn-sadovsky-collection-saprea\/\" \/>\n<meta property=\"og:locale\" content=\"fr_FR\" \/>\n<meta property=\"og:type\" content=\"article\" \/>\n<meta property=\"og:title\" content=\"Collection de bijoux lanc\u00e9 au profit de Saprea\" \/>\n<meta property=\"og:description\" content=\"Collection de bijoux de la cr\u00e9atrice Evelyn Sadovsky au profit de Saprea pr\u00e9sent\u00e9 au sommet de c\u00e9l\u00e9bration de la Journ\u00e9e internationale de la femme.\" \/>\n<meta property=\"og:url\" content=\"https:\/\/saprea.org\/fr\/actualites\/evelyn-sadovsky-collection-saprea\/\" \/>\n<meta property=\"og:site_name\" content=\"Saprea\" \/>\n<meta property=\"article:publisher\" content=\"https:\/\/facebook.com\/saprea.org\" \/>\n<meta property=\"article:modified_time\" content=\"2023-09-25T17:59:58+00:00\" \/>\n<meta property=\"og:image\" content=\"https:\/\/saprea.org\/wp-content\/uploads\/2023\/02\/Jewelry.jpeg\" \/>\n\t<meta property=\"og:image:width\" content=\"1082\" \/>\n\t<meta property=\"og:image:height\" content=\"706\" \/>\n\t<meta property=\"og:image:type\" content=\"image\/jpeg\" \/>\n<meta name=\"twitter:card\" content=\"summary_large_image\" \/>\n<meta name=\"twitter:site\" content=\"@saprea_org\" \/>\n<script type=\"application\/ld+json\" class=\"yoast-schema-graph\">{\"@context\":\"https:\\\/\\\/schema.org\",\"@graph\":[{\"@type\":\"WebPage\",\"@id\":\"https:\\\/\\\/saprea.org\\\/fr\\\/actualites\\\/evelyn-sadovsky-collection-saprea\\\/\",\"url\":\"https:\\\/\\\/saprea.org\\\/fr\\\/actualites\\\/evelyn-sadovsky-collection-saprea\\\/\",\"name\":\"Collection de bijoux lanc\u00e9 au profit de Saprea\",\"isPartOf\":{\"@id\":\"https:\\\/\\\/saprea.org\\\/fr\\\/#website\"},\"primaryImageOfPage\":{\"@id\":\"https:\\\/\\\/saprea.org\\\/fr\\\/actualites\\\/evelyn-sadovsky-collection-saprea\\\/#primaryimage\"},\"image\":{\"@id\":\"https:\\\/\\\/saprea.org\\\/fr\\\/actualites\\\/evelyn-sadovsky-collection-saprea\\\/#primaryimage\"},\"thumbnailUrl\":\"https:\\\/\\\/saprea.org\\\/wp-content\\\/uploads\\\/2023\\\/02\\\/Jewelry.jpeg\",\"datePublished\":\"2023-04-12T21:21:02+00:00\",\"dateModified\":\"2023-09-25T17:59:58+00:00\",\"description\":\"Collection de bijoux de la cr\u00e9atrice Evelyn Sadovsky au profit de Saprea pr\u00e9sent\u00e9 au sommet de c\u00e9l\u00e9bration de la Journ\u00e9e internationale de la femme.\",\"breadcrumb\":{\"@id\":\"https:\\\/\\\/saprea.org\\\/fr\\\/actualites\\\/evelyn-sadovsky-collection-saprea\\\/#breadcrumb\"},\"inLanguage\":\"fr-FR\",\"potentialAction\":[{\"@type\":\"ReadAction\",\"target\":[\"https:\\\/\\\/saprea.org\\\/fr\\\/actualites\\\/evelyn-sadovsky-collection-saprea\\\/\"]}]},{\"@type\":\"ImageObject\",\"inLanguage\":\"fr-FR\",\"@id\":\"https:\\\/\\\/saprea.org\\\/fr\\\/actualites\\\/evelyn-sadovsky-collection-saprea\\\/#primaryimage\",\"url\":\"https:\\\/\\\/saprea.org\\\/wp-content\\\/uploads\\\/2023\\\/02\\\/Jewelry.jpeg\",\"contentUrl\":\"https:\\\/\\\/saprea.org\\\/wp-content\\\/uploads\\\/2023\\\/02\\\/Jewelry.jpeg\",\"width\":1082,\"height\":706,\"caption\":\"Jewelry Saprea Collection\"},{\"@type\":\"BreadcrumbList\",\"@id\":\"https:\\\/\\\/saprea.org\\\/fr\\\/actualites\\\/evelyn-sadovsky-collection-saprea\\\/#breadcrumb\",\"itemListElement\":[{\"@type\":\"ListItem\",\"position\":1,\"name\":\"Home\",\"item\":\"https:\\\/\\\/saprea.org\\\/fr\\\/page-daccueil-saprea\\\/\"},{\"@type\":\"ListItem\",\"position\":2,\"name\":\"Collection de bijoux lanc\u00e9 au profit de Saprea\"}]},{\"@type\":\"WebSite\",\"@id\":\"https:\\\/\\\/saprea.org\\\/fr\\\/#website\",\"url\":\"https:\\\/\\\/saprea.org\\\/fr\\\/\",\"name\":\"Saprea\",\"description\":\"\",\"publisher\":{\"@id\":\"https:\\\/\\\/saprea.org\\\/fr\\\/#organization\"},\"potentialAction\":[{\"@type\":\"SearchAction\",\"target\":{\"@type\":\"EntryPoint\",\"urlTemplate\":\"https:\\\/\\\/saprea.org\\\/fr\\\/?s={search_term_string}\"},\"query-input\":{\"@type\":\"PropertyValueSpecification\",\"valueRequired\":true,\"valueName\":\"search_term_string\"}}],\"inLanguage\":\"fr-FR\"},{\"@type\":\"Organization\",\"@id\":\"https:\\\/\\\/saprea.org\\\/fr\\\/#organization\",\"name\":\"Saprea\",\"url\":\"https:\\\/\\\/saprea.org\\\/fr\\\/\",\"logo\":{\"@type\":\"ImageObject\",\"inLanguage\":\"fr-FR\",\"@id\":\"https:\\\/\\\/saprea.org\\\/fr\\\/#\\\/schema\\\/logo\\\/image\\\/\",\"url\":\"https:\\\/\\\/saprea.org\\\/wp-content\\\/uploads\\\/2021\\\/12\\\/Vector-7-1.png\",\"contentUrl\":\"https:\\\/\\\/saprea.org\\\/wp-content\\\/uploads\\\/2021\\\/12\\\/Vector-7-1.png\",\"width\":106,\"height\":105,\"caption\":\"Saprea\"},\"image\":{\"@id\":\"https:\\\/\\\/saprea.org\\\/fr\\\/#\\\/schema\\\/logo\\\/image\\\/\"},\"sameAs\":[\"https:\\\/\\\/facebook.com\\\/saprea.org\",\"https:\\\/\\\/x.com\\\/saprea_org\",\"https:\\\/\\\/instagram.com\\\/youniquefoundation\",\"https:\\\/\\\/pinterest.com\\\/saprea_org\",\"https:\\\/\\\/youtube.com\\\/c\\\/saprea_org\"]}]}<\/script>\n<!-- \/ Yoast SEO plugin. -->","yoast_head_json":{"title":"Collection de bijoux lanc\u00e9 au profit de Saprea","description":"Collection de bijoux de la cr\u00e9atrice Evelyn Sadovsky au profit de Saprea pr\u00e9sent\u00e9 au sommet de c\u00e9l\u00e9bration de la Journ\u00e9e internationale de la femme.","robots":{"index":"index","follow":"follow","max-snippet":"max-snippet:-1","max-image-preview":"max-image-preview:large","max-video-preview":"max-video-preview:-1"},"canonical":"https:\/\/saprea.org\/fr\/actualites\/evelyn-sadovsky-collection-saprea\/","og_locale":"fr_FR","og_type":"article","og_title":"Collection de bijoux lanc\u00e9 au profit de Saprea","og_description":"Collection de bijoux de la cr\u00e9atrice Evelyn Sadovsky au profit de Saprea pr\u00e9sent\u00e9 au sommet de c\u00e9l\u00e9bration de la Journ\u00e9e internationale de la femme.","og_url":"https:\/\/saprea.org\/fr\/actualites\/evelyn-sadovsky-collection-saprea\/","og_site_name":"Saprea","article_publisher":"https:\/\/facebook.com\/saprea.org","article_modified_time":"2023-09-25T17:59:58+00:00","og_image":[{"width":1082,"height":706,"url":"https:\/\/saprea.org\/wp-content\/uploads\/2023\/02\/Jewelry.jpeg","type":"image\/jpeg"}],"twitter_card":"summary_large_image","twitter_site":"@saprea_org","schema":{"@context":"https:\/\/schema.org","@graph":[{"@type":"WebPage","@id":"https:\/\/saprea.org\/fr\/actualites\/evelyn-sadovsky-collection-saprea\/","url":"https:\/\/saprea.org\/fr\/actualites\/evelyn-sadovsky-collection-saprea\/","name":"Collection de bijoux lanc\u00e9 au profit de Saprea","isPartOf":{"@id":"https:\/\/saprea.org\/fr\/#website"},"primaryImageOfPage":{"@id":"https:\/\/saprea.org\/fr\/actualites\/evelyn-sadovsky-collection-saprea\/#primaryimage"},"image":{"@id":"https:\/\/saprea.org\/fr\/actualites\/evelyn-sadovsky-collection-saprea\/#primaryimage"},"thumbnailUrl":"https:\/\/saprea.org\/wp-content\/uploads\/2023\/02\/Jewelry.jpeg","datePublished":"2023-04-12T21:21:02+00:00","dateModified":"2023-09-25T17:59:58+00:00","description":"Collection de bijoux de la cr\u00e9atrice Evelyn Sadovsky au profit de Saprea pr\u00e9sent\u00e9 au sommet de c\u00e9l\u00e9bration de la Journ\u00e9e internationale de la femme.","breadcrumb":{"@id":"https:\/\/saprea.org\/fr\/actualites\/evelyn-sadovsky-collection-saprea\/#breadcrumb"},"inLanguage":"fr-FR","potentialAction":[{"@type":"ReadAction","target":["https:\/\/saprea.org\/fr\/actualites\/evelyn-sadovsky-collection-saprea\/"]}]},{"@type":"ImageObject","inLanguage":"fr-FR","@id":"https:\/\/saprea.org\/fr\/actualites\/evelyn-sadovsky-collection-saprea\/#primaryimage","url":"https:\/\/saprea.org\/wp-content\/uploads\/2023\/02\/Jewelry.jpeg","contentUrl":"https:\/\/saprea.org\/wp-content\/uploads\/2023\/02\/Jewelry.jpeg","width":1082,"height":706,"caption":"Jewelry Saprea Collection"},{"@type":"BreadcrumbList","@id":"https:\/\/saprea.org\/fr\/actualites\/evelyn-sadovsky-collection-saprea\/#breadcrumb","itemListElement":[{"@type":"ListItem","position":1,"name":"Home","item":"https:\/\/saprea.org\/fr\/page-daccueil-saprea\/"},{"@type":"ListItem","position":2,"name":"Collection de bijoux lanc\u00e9 au profit de Saprea"}]},{"@type":"WebSite","@id":"https:\/\/saprea.org\/fr\/#website","url":"https:\/\/saprea.org\/fr\/","name":"Saprea","description":"","publisher":{"@id":"https:\/\/saprea.org\/fr\/#organization"},"potentialAction":[{"@type":"SearchAction","target":{"@type":"EntryPoint","urlTemplate":"https:\/\/saprea.org\/fr\/?s={search_term_string}"},"query-input":{"@type":"PropertyValueSpecification","valueRequired":true,"valueName":"search_term_string"}}],"inLanguage":"fr-FR"},{"@type":"Organization","@id":"https:\/\/saprea.org\/fr\/#organization","name":"Saprea","url":"https:\/\/saprea.org\/fr\/","logo":{"@type":"ImageObject","inLanguage":"fr-FR","@id":"https:\/\/saprea.org\/fr\/#\/schema\/logo\/image\/","url":"https:\/\/saprea.org\/wp-content\/uploads\/2021\/12\/Vector-7-1.png","contentUrl":"https:\/\/saprea.org\/wp-content\/uploads\/2021\/12\/Vector-7-1.png","width":106,"height":105,"caption":"Saprea"},"image":{"@id":"https:\/\/saprea.org\/fr\/#\/schema\/logo\/image\/"},"sameAs":["https:\/\/facebook.com\/saprea.org","https:\/\/x.com\/saprea_org","https:\/\/instagram.com\/youniquefoundation","https:\/\/pinterest.com\/saprea_org","https:\/\/youtube.com\/c\/saprea_org"]}]}},"_links":{"self":[{"href":"https:\/\/saprea.org\/fr\/wp-json\/wp\/v2\/news\/9350","targetHints":{"allow":["GET"]}}],"collection":[{"href":"https:\/\/saprea.org\/fr\/wp-json\/wp\/v2\/news"}],"about":[{"href":"https:\/\/saprea.org\/fr\/wp-json\/wp\/v2\/types\/news"}],"author":[{"embeddable":true,"href":"https:\/\/saprea.org\/fr\/wp-json\/wp\/v2\/users\/2"}],"version-history":[{"count":0,"href":"https:\/\/saprea.org\/fr\/wp-json\/wp\/v2\/news\/9350\/revisions"}],"wp:featuredmedia":[{"embeddable":true,"href":"https:\/\/saprea.org\/fr\/wp-json\/wp\/v2\/media\/6921"}],"wp:attachment":[{"href":"https:\/\/saprea.org\/fr\/wp-json\/wp\/v2\/media?parent=9350"}],"wp:term":[{"taxonomy":"category","embeddable":true,"href":"https:\/\/saprea.org\/fr\/wp-json\/wp\/v2\/categories?post=9350"}],"curies":[{"name":"wp","href":"https:\/\/api.w.org\/{rel}","templated":true}]}}