{"id":9775,"date":"2023-05-05T20:44:03","date_gmt":"2023-05-05T20:44:03","guid":{"rendered":"http:\/\/54.188.8.157\/news\/andrus-family-foundation-is-title-sponsor-of-2023-saprea-gala-spanish\/"},"modified":"2023-09-25T11:48:49","modified_gmt":"2023-09-25T17:48:49","slug":"fundacion-familia-andrus","status":"publish","type":"news","link":"https:\/\/saprea.org\/es\/noticias\/fundacion-familia-andrus\/","title":{"rendered":"La Fundaci\u00f3n de la Familia Andrus patrocina la Gala Saprea 2023"},"excerpt":{"rendered":"<p>Saprea tiene el honor de anunciar que la Fundaci\u00f3n de la Familia Andrus ser\u00e1 el patrocinador principal de la Gala Saprea 2023, que se celebrar\u00e1 el 16 de mayo. La gala es el evento anual de recaudaci\u00f3n de fondos de Saprea y el 100% de los beneficios se destinan a los servicios y recursos gratuitos de sanaci\u00f3n y prevenci\u00f3n de la organizaci\u00f3n sin fines de lucro.\u202f\u00a0<\/p>\n","protected":false},"author":2,"featured_media":9719,"template":"","categories":[],"class_list":["post-9775","news","type-news","status-publish","has-post-thumbnail","hentry"],"yoast_head":"<!-- This site is optimized with the Yoast SEO plugin v27.3 - https:\/\/yoast.com\/product\/yoast-seo-wordpress\/ -->\n<title>Fundaci\u00f3n de la Familia Andrus | Saprea\u00a0<\/title>\n<meta name=\"description\" content=\"Saprea tiene el honor de anunciar que la Fundaci\u00f3n de la Familia Andrus ser\u00e1 el patrocinador principal de la Gala Saprea 2023.\" \/>\n<meta name=\"robots\" content=\"index, follow, max-snippet:-1, max-image-preview:large, max-video-preview:-1\" \/>\n<link rel=\"canonical\" href=\"https:\/\/saprea.org\/es\/noticias\/fundacion-familia-andrus\/\" \/>\n<meta property=\"og:locale\" content=\"es_ES\" \/>\n<meta property=\"og:type\" content=\"article\" \/>\n<meta property=\"og:title\" content=\"Fundaci\u00f3n de la Familia Andrus | Saprea\u00a0\" \/>\n<meta property=\"og:description\" content=\"Saprea tiene el honor de anunciar que la Fundaci\u00f3n de la Familia Andrus ser\u00e1 el patrocinador principal de la Gala Saprea 2023.\" \/>\n<meta property=\"og:url\" content=\"https:\/\/saprea.org\/es\/noticias\/fundacion-familia-andrus\/\" \/>\n<meta property=\"og:site_name\" content=\"Saprea\" \/>\n<meta property=\"article:publisher\" content=\"https:\/\/facebook.com\/saprea.org\" \/>\n<meta property=\"article:modified_time\" content=\"2023-09-25T17:48:49+00:00\" \/>\n<meta property=\"og:image\" content=\"https:\/\/saprea.org\/wp-content\/uploads\/2023\/04\/Andruses.jpeg\" \/>\n\t<meta property=\"og:image:width\" content=\"1082\" \/>\n\t<meta property=\"og:image:height\" content=\"706\" \/>\n\t<meta property=\"og:image:type\" content=\"image\/jpeg\" \/>\n<meta name=\"twitter:card\" content=\"summary_large_image\" \/>\n<meta name=\"twitter:site\" content=\"@saprea_org\" \/>\n<script type=\"application\/ld+json\" class=\"yoast-schema-graph\">{\"@context\":\"https:\\\/\\\/schema.org\",\"@graph\":[{\"@type\":\"WebPage\",\"@id\":\"https:\\\/\\\/saprea.org\\\/es\\\/noticias\\\/fundacion-familia-andrus\\\/\",\"url\":\"https:\\\/\\\/saprea.org\\\/es\\\/noticias\\\/fundacion-familia-andrus\\\/\",\"name\":\"Fundaci\u00f3n de la Familia Andrus | Saprea\u00a0\",\"isPartOf\":{\"@id\":\"https:\\\/\\\/saprea.org\\\/es\\\/#website\"},\"primaryImageOfPage\":{\"@id\":\"https:\\\/\\\/saprea.org\\\/es\\\/noticias\\\/fundacion-familia-andrus\\\/#primaryimage\"},\"image\":{\"@id\":\"https:\\\/\\\/saprea.org\\\/es\\\/noticias\\\/fundacion-familia-andrus\\\/#primaryimage\"},\"thumbnailUrl\":\"https:\\\/\\\/saprea.org\\\/wp-content\\\/uploads\\\/2023\\\/04\\\/Andruses.jpeg\",\"datePublished\":\"2023-05-05T20:44:03+00:00\",\"dateModified\":\"2023-09-25T17:48:49+00:00\",\"description\":\"Saprea tiene el honor de anunciar que la Fundaci\u00f3n de la Familia Andrus ser\u00e1 el patrocinador principal de la Gala Saprea 2023.\",\"breadcrumb\":{\"@id\":\"https:\\\/\\\/saprea.org\\\/es\\\/noticias\\\/fundacion-familia-andrus\\\/#breadcrumb\"},\"inLanguage\":\"es\",\"potentialAction\":[{\"@type\":\"ReadAction\",\"target\":[\"https:\\\/\\\/saprea.org\\\/es\\\/noticias\\\/fundacion-familia-andrus\\\/\"]}]},{\"@type\":\"ImageObject\",\"inLanguage\":\"es\",\"@id\":\"https:\\\/\\\/saprea.org\\\/es\\\/noticias\\\/fundacion-familia-andrus\\\/#primaryimage\",\"url\":\"https:\\\/\\\/saprea.org\\\/wp-content\\\/uploads\\\/2023\\\/04\\\/Andruses.jpeg\",\"contentUrl\":\"https:\\\/\\\/saprea.org\\\/wp-content\\\/uploads\\\/2023\\\/04\\\/Andruses.jpeg\",\"width\":1082,\"height\":706,\"caption\":\"Jeremy and Kristin Andrus\"},{\"@type\":\"BreadcrumbList\",\"@id\":\"https:\\\/\\\/saprea.org\\\/es\\\/noticias\\\/fundacion-familia-andrus\\\/#breadcrumb\",\"itemListElement\":[{\"@type\":\"ListItem\",\"position\":1,\"name\":\"Home\",\"item\":\"https:\\\/\\\/saprea.org\\\/es\\\/pagina-de-inicio-de-saprea\\\/\"},{\"@type\":\"ListItem\",\"position\":2,\"name\":\"La Fundaci\u00f3n de la Familia Andrus patrocina la Gala Saprea 2023\"}]},{\"@type\":\"WebSite\",\"@id\":\"https:\\\/\\\/saprea.org\\\/es\\\/#website\",\"url\":\"https:\\\/\\\/saprea.org\\\/es\\\/\",\"name\":\"Saprea\",\"description\":\"\",\"publisher\":{\"@id\":\"https:\\\/\\\/saprea.org\\\/es\\\/#organization\"},\"potentialAction\":[{\"@type\":\"SearchAction\",\"target\":{\"@type\":\"EntryPoint\",\"urlTemplate\":\"https:\\\/\\\/saprea.org\\\/es\\\/?s={search_term_string}\"},\"query-input\":{\"@type\":\"PropertyValueSpecification\",\"valueRequired\":true,\"valueName\":\"search_term_string\"}}],\"inLanguage\":\"es\"},{\"@type\":\"Organization\",\"@id\":\"https:\\\/\\\/saprea.org\\\/es\\\/#organization\",\"name\":\"Saprea\",\"url\":\"https:\\\/\\\/saprea.org\\\/es\\\/\",\"logo\":{\"@type\":\"ImageObject\",\"inLanguage\":\"es\",\"@id\":\"https:\\\/\\\/saprea.org\\\/es\\\/#\\\/schema\\\/logo\\\/image\\\/\",\"url\":\"https:\\\/\\\/saprea.org\\\/wp-content\\\/uploads\\\/2021\\\/12\\\/Vector-7-1.png\",\"contentUrl\":\"https:\\\/\\\/saprea.org\\\/wp-content\\\/uploads\\\/2021\\\/12\\\/Vector-7-1.png\",\"width\":106,\"height\":105,\"caption\":\"Saprea\"},\"image\":{\"@id\":\"https:\\\/\\\/saprea.org\\\/es\\\/#\\\/schema\\\/logo\\\/image\\\/\"},\"sameAs\":[\"https:\\\/\\\/facebook.com\\\/saprea.org\",\"https:\\\/\\\/x.com\\\/saprea_org\",\"https:\\\/\\\/instagram.com\\\/youniquefoundation\",\"https:\\\/\\\/pinterest.com\\\/saprea_org\",\"https:\\\/\\\/youtube.com\\\/c\\\/saprea_org\"]}]}<\/script>\n<!-- \/ Yoast SEO plugin. -->","yoast_head_json":{"title":"Fundaci\u00f3n de la Familia Andrus | Saprea\u00a0","description":"Saprea tiene el honor de anunciar que la Fundaci\u00f3n de la Familia Andrus ser\u00e1 el patrocinador principal de la Gala Saprea 2023.","robots":{"index":"index","follow":"follow","max-snippet":"max-snippet:-1","max-image-preview":"max-image-preview:large","max-video-preview":"max-video-preview:-1"},"canonical":"https:\/\/saprea.org\/es\/noticias\/fundacion-familia-andrus\/","og_locale":"es_ES","og_type":"article","og_title":"Fundaci\u00f3n de la Familia Andrus | Saprea\u00a0","og_description":"Saprea tiene el honor de anunciar que la Fundaci\u00f3n de la Familia Andrus ser\u00e1 el patrocinador principal de la Gala Saprea 2023.","og_url":"https:\/\/saprea.org\/es\/noticias\/fundacion-familia-andrus\/","og_site_name":"Saprea","article_publisher":"https:\/\/facebook.com\/saprea.org","article_modified_time":"2023-09-25T17:48:49+00:00","og_image":[{"width":1082,"height":706,"url":"https:\/\/saprea.org\/wp-content\/uploads\/2023\/04\/Andruses.jpeg","type":"image\/jpeg"}],"twitter_card":"summary_large_image","twitter_site":"@saprea_org","schema":{"@context":"https:\/\/schema.org","@graph":[{"@type":"WebPage","@id":"https:\/\/saprea.org\/es\/noticias\/fundacion-familia-andrus\/","url":"https:\/\/saprea.org\/es\/noticias\/fundacion-familia-andrus\/","name":"Fundaci\u00f3n de la Familia Andrus | Saprea\u00a0","isPartOf":{"@id":"https:\/\/saprea.org\/es\/#website"},"primaryImageOfPage":{"@id":"https:\/\/saprea.org\/es\/noticias\/fundacion-familia-andrus\/#primaryimage"},"image":{"@id":"https:\/\/saprea.org\/es\/noticias\/fundacion-familia-andrus\/#primaryimage"},"thumbnailUrl":"https:\/\/saprea.org\/wp-content\/uploads\/2023\/04\/Andruses.jpeg","datePublished":"2023-05-05T20:44:03+00:00","dateModified":"2023-09-25T17:48:49+00:00","description":"Saprea tiene el honor de anunciar que la Fundaci\u00f3n de la Familia Andrus ser\u00e1 el patrocinador principal de la Gala Saprea 2023.","breadcrumb":{"@id":"https:\/\/saprea.org\/es\/noticias\/fundacion-familia-andrus\/#breadcrumb"},"inLanguage":"es","potentialAction":[{"@type":"ReadAction","target":["https:\/\/saprea.org\/es\/noticias\/fundacion-familia-andrus\/"]}]},{"@type":"ImageObject","inLanguage":"es","@id":"https:\/\/saprea.org\/es\/noticias\/fundacion-familia-andrus\/#primaryimage","url":"https:\/\/saprea.org\/wp-content\/uploads\/2023\/04\/Andruses.jpeg","contentUrl":"https:\/\/saprea.org\/wp-content\/uploads\/2023\/04\/Andruses.jpeg","width":1082,"height":706,"caption":"Jeremy and Kristin Andrus"},{"@type":"BreadcrumbList","@id":"https:\/\/saprea.org\/es\/noticias\/fundacion-familia-andrus\/#breadcrumb","itemListElement":[{"@type":"ListItem","position":1,"name":"Home","item":"https:\/\/saprea.org\/es\/pagina-de-inicio-de-saprea\/"},{"@type":"ListItem","position":2,"name":"La Fundaci\u00f3n de la Familia Andrus patrocina la Gala Saprea 2023"}]},{"@type":"WebSite","@id":"https:\/\/saprea.org\/es\/#website","url":"https:\/\/saprea.org\/es\/","name":"Saprea","description":"","publisher":{"@id":"https:\/\/saprea.org\/es\/#organization"},"potentialAction":[{"@type":"SearchAction","target":{"@type":"EntryPoint","urlTemplate":"https:\/\/saprea.org\/es\/?s={search_term_string}"},"query-input":{"@type":"PropertyValueSpecification","valueRequired":true,"valueName":"search_term_string"}}],"inLanguage":"es"},{"@type":"Organization","@id":"https:\/\/saprea.org\/es\/#organization","name":"Saprea","url":"https:\/\/saprea.org\/es\/","logo":{"@type":"ImageObject","inLanguage":"es","@id":"https:\/\/saprea.org\/es\/#\/schema\/logo\/image\/","url":"https:\/\/saprea.org\/wp-content\/uploads\/2021\/12\/Vector-7-1.png","contentUrl":"https:\/\/saprea.org\/wp-content\/uploads\/2021\/12\/Vector-7-1.png","width":106,"height":105,"caption":"Saprea"},"image":{"@id":"https:\/\/saprea.org\/es\/#\/schema\/logo\/image\/"},"sameAs":["https:\/\/facebook.com\/saprea.org","https:\/\/x.com\/saprea_org","https:\/\/instagram.com\/youniquefoundation","https:\/\/pinterest.com\/saprea_org","https:\/\/youtube.com\/c\/saprea_org"]}]}},"_links":{"self":[{"href":"https:\/\/saprea.org\/es\/wp-json\/wp\/v2\/news\/9775","targetHints":{"allow":["GET"]}}],"collection":[{"href":"https:\/\/saprea.org\/es\/wp-json\/wp\/v2\/news"}],"about":[{"href":"https:\/\/saprea.org\/es\/wp-json\/wp\/v2\/types\/news"}],"author":[{"embeddable":true,"href":"https:\/\/saprea.org\/es\/wp-json\/wp\/v2\/users\/2"}],"version-history":[{"count":0,"href":"https:\/\/saprea.org\/es\/wp-json\/wp\/v2\/news\/9775\/revisions"}],"wp:featuredmedia":[{"embeddable":true,"href":"https:\/\/saprea.org\/es\/wp-json\/wp\/v2\/media\/9719"}],"wp:attachment":[{"href":"https:\/\/saprea.org\/es\/wp-json\/wp\/v2\/media?parent=9775"}],"wp:term":[{"taxonomy":"category","embeddable":true,"href":"https:\/\/saprea.org\/es\/wp-json\/wp\/v2\/categories?post=9775"}],"curies":[{"name":"wp","href":"https:\/\/api.w.org\/{rel}","templated":true}]}}