{"id":6760,"date":"2022-11-15T23:57:52","date_gmt":"2022-11-15T23:57:52","guid":{"rendered":"http:\/\/54.188.8.157\/?post_type=news&#038;p=6760"},"modified":"2023-11-17T12:01:21","modified_gmt":"2023-11-17T18:01:21","slug":"welttag-sexueller-kindesmissbrauch","status":"publish","type":"news","link":"https:\/\/saprea.org\/de\/news\/welttag-sexueller-kindesmissbrauch\/","title":{"rendered":"U.N. erkl\u00e4rt den 18. November zum Welttag zur Pr\u00e4vention von sexuellem Kindesmissbrauch"},"excerpt":{"rendered":"<p>Die Vereinten Nationen haben den 18. November zum Welttag f\u00fcr die Pr\u00e4vention von und das Heilen von sexueller Ausbeutung, Missbrauch und Gewalt an Kindern erkl\u00e4rt. Die Resolution, die von mehr als 120 L\u00e4ndern mitgetragen wurde, wurde mit lautem Beifall aufgenommen. <\/p>\n","protected":false},"author":11,"featured_media":5417,"template":"","categories":[],"class_list":["post-6760","news","type-news","status-publish","has-post-thumbnail","hentry"],"yoast_head":"<!-- This site is optimized with the Yoast SEO plugin v27.3 - https:\/\/yoast.com\/product\/yoast-seo-wordpress\/ -->\n<title>Welttag zur Pr\u00e4vention von sexuellem Kindesmissbrauch<\/title>\n<meta name=\"description\" content=\"Die Vereinten Nationen haben den 18. November zum Welttag f\u00fcr die Pr\u00e4vention von und das Heilen von sexueller Ausbeutung.\" \/>\n<meta name=\"robots\" content=\"index, follow, max-snippet:-1, max-image-preview:large, max-video-preview:-1\" \/>\n<link rel=\"canonical\" href=\"https:\/\/saprea.org\/de\/news\/welttag-sexueller-kindesmissbrauch\/\" \/>\n<meta property=\"og:locale\" content=\"de_DE\" \/>\n<meta property=\"og:type\" content=\"article\" \/>\n<meta property=\"og:title\" content=\"Welttag zur Pr\u00e4vention von sexuellem Kindesmissbrauch\" \/>\n<meta property=\"og:description\" content=\"Die Vereinten Nationen haben den 18. November zum Welttag f\u00fcr die Pr\u00e4vention von und das Heilen von sexueller Ausbeutung.\" \/>\n<meta property=\"og:url\" content=\"https:\/\/saprea.org\/de\/news\/welttag-sexueller-kindesmissbrauch\/\" \/>\n<meta property=\"og:site_name\" content=\"Saprea\" \/>\n<meta property=\"article:publisher\" content=\"https:\/\/facebook.com\/saprea.org\" \/>\n<meta property=\"article:modified_time\" content=\"2023-11-17T18:01:21+00:00\" \/>\n<meta property=\"og:image\" content=\"https:\/\/localhost\/wp-content\/uploads\/2022\/11\/UN-World-Day-resolution.jpg\" \/>\n\t<meta property=\"og:image:width\" content=\"1082\" \/>\n\t<meta property=\"og:image:height\" content=\"706\" \/>\n\t<meta property=\"og:image:type\" content=\"image\/jpeg\" \/>\n<meta name=\"twitter:card\" content=\"summary_large_image\" \/>\n<meta name=\"twitter:site\" content=\"@saprea_org\" \/>\n<script type=\"application\/ld+json\" class=\"yoast-schema-graph\">{\"@context\":\"https:\\\/\\\/schema.org\",\"@graph\":[{\"@type\":\"WebPage\",\"@id\":\"https:\\\/\\\/saprea.org\\\/de\\\/news\\\/welttag-sexueller-kindesmissbrauch\\\/\",\"url\":\"https:\\\/\\\/saprea.org\\\/de\\\/news\\\/welttag-sexueller-kindesmissbrauch\\\/\",\"name\":\"Welttag zur Pr\u00e4vention von sexuellem Kindesmissbrauch\",\"isPartOf\":{\"@id\":\"https:\\\/\\\/saprea.org\\\/de\\\/#website\"},\"primaryImageOfPage\":{\"@id\":\"https:\\\/\\\/saprea.org\\\/de\\\/news\\\/welttag-sexueller-kindesmissbrauch\\\/#primaryimage\"},\"image\":{\"@id\":\"https:\\\/\\\/saprea.org\\\/de\\\/news\\\/welttag-sexueller-kindesmissbrauch\\\/#primaryimage\"},\"thumbnailUrl\":\"https:\\\/\\\/saprea.org\\\/wp-content\\\/uploads\\\/2022\\\/11\\\/UN-World-Day-resolution.jpg\",\"datePublished\":\"2022-11-15T23:57:52+00:00\",\"dateModified\":\"2023-11-17T18:01:21+00:00\",\"description\":\"Die Vereinten Nationen haben den 18. November zum Welttag f\u00fcr die Pr\u00e4vention von und das Heilen von sexueller Ausbeutung.\",\"breadcrumb\":{\"@id\":\"https:\\\/\\\/saprea.org\\\/de\\\/news\\\/welttag-sexueller-kindesmissbrauch\\\/#breadcrumb\"},\"inLanguage\":\"de\",\"potentialAction\":[{\"@type\":\"ReadAction\",\"target\":[\"https:\\\/\\\/saprea.org\\\/de\\\/news\\\/welttag-sexueller-kindesmissbrauch\\\/\"]}]},{\"@type\":\"ImageObject\",\"inLanguage\":\"de\",\"@id\":\"https:\\\/\\\/saprea.org\\\/de\\\/news\\\/welttag-sexueller-kindesmissbrauch\\\/#primaryimage\",\"url\":\"https:\\\/\\\/saprea.org\\\/wp-content\\\/uploads\\\/2022\\\/11\\\/UN-World-Day-resolution.jpg\",\"contentUrl\":\"https:\\\/\\\/saprea.org\\\/wp-content\\\/uploads\\\/2022\\\/11\\\/UN-World-Day-resolution.jpg\",\"width\":1082,\"height\":706,\"caption\":\"United Nations press conference\"},{\"@type\":\"BreadcrumbList\",\"@id\":\"https:\\\/\\\/saprea.org\\\/de\\\/news\\\/welttag-sexueller-kindesmissbrauch\\\/#breadcrumb\",\"itemListElement\":[{\"@type\":\"ListItem\",\"position\":1,\"name\":\"Home\",\"item\":\"https:\\\/\\\/saprea.org\\\/de\\\/saprea-homepage\\\/\"},{\"@type\":\"ListItem\",\"position\":2,\"name\":\"U.N. erkl\u00e4rt den 18. November zum Welttag zur Pr\u00e4vention von sexuellem Kindesmissbrauch\"}]},{\"@type\":\"WebSite\",\"@id\":\"https:\\\/\\\/saprea.org\\\/de\\\/#website\",\"url\":\"https:\\\/\\\/saprea.org\\\/de\\\/\",\"name\":\"Saprea\",\"description\":\"\",\"publisher\":{\"@id\":\"https:\\\/\\\/saprea.org\\\/de\\\/#organization\"},\"potentialAction\":[{\"@type\":\"SearchAction\",\"target\":{\"@type\":\"EntryPoint\",\"urlTemplate\":\"https:\\\/\\\/saprea.org\\\/de\\\/?s={search_term_string}\"},\"query-input\":{\"@type\":\"PropertyValueSpecification\",\"valueRequired\":true,\"valueName\":\"search_term_string\"}}],\"inLanguage\":\"de\"},{\"@type\":\"Organization\",\"@id\":\"https:\\\/\\\/saprea.org\\\/de\\\/#organization\",\"name\":\"Saprea\",\"url\":\"https:\\\/\\\/saprea.org\\\/de\\\/\",\"logo\":{\"@type\":\"ImageObject\",\"inLanguage\":\"de\",\"@id\":\"https:\\\/\\\/saprea.org\\\/de\\\/#\\\/schema\\\/logo\\\/image\\\/\",\"url\":\"https:\\\/\\\/saprea.org\\\/wp-content\\\/uploads\\\/2021\\\/12\\\/Vector-7-1.png\",\"contentUrl\":\"https:\\\/\\\/saprea.org\\\/wp-content\\\/uploads\\\/2021\\\/12\\\/Vector-7-1.png\",\"width\":106,\"height\":105,\"caption\":\"Saprea\"},\"image\":{\"@id\":\"https:\\\/\\\/saprea.org\\\/de\\\/#\\\/schema\\\/logo\\\/image\\\/\"},\"sameAs\":[\"https:\\\/\\\/facebook.com\\\/saprea.org\",\"https:\\\/\\\/x.com\\\/saprea_org\",\"https:\\\/\\\/instagram.com\\\/youniquefoundation\",\"https:\\\/\\\/pinterest.com\\\/saprea_org\",\"https:\\\/\\\/youtube.com\\\/c\\\/saprea_org\"]}]}<\/script>\n<!-- \/ Yoast SEO plugin. -->","yoast_head_json":{"title":"Welttag zur Pr\u00e4vention von sexuellem Kindesmissbrauch","description":"Die Vereinten Nationen haben den 18. November zum Welttag f\u00fcr die Pr\u00e4vention von und das Heilen von sexueller Ausbeutung.","robots":{"index":"index","follow":"follow","max-snippet":"max-snippet:-1","max-image-preview":"max-image-preview:large","max-video-preview":"max-video-preview:-1"},"canonical":"https:\/\/saprea.org\/de\/news\/welttag-sexueller-kindesmissbrauch\/","og_locale":"de_DE","og_type":"article","og_title":"Welttag zur Pr\u00e4vention von sexuellem Kindesmissbrauch","og_description":"Die Vereinten Nationen haben den 18. November zum Welttag f\u00fcr die Pr\u00e4vention von und das Heilen von sexueller Ausbeutung.","og_url":"https:\/\/saprea.org\/de\/news\/welttag-sexueller-kindesmissbrauch\/","og_site_name":"Saprea","article_publisher":"https:\/\/facebook.com\/saprea.org","article_modified_time":"2023-11-17T18:01:21+00:00","og_image":[{"width":1082,"height":706,"url":"https:\/\/localhost\/wp-content\/uploads\/2022\/11\/UN-World-Day-resolution.jpg","type":"image\/jpeg"}],"twitter_card":"summary_large_image","twitter_site":"@saprea_org","schema":{"@context":"https:\/\/schema.org","@graph":[{"@type":"WebPage","@id":"https:\/\/saprea.org\/de\/news\/welttag-sexueller-kindesmissbrauch\/","url":"https:\/\/saprea.org\/de\/news\/welttag-sexueller-kindesmissbrauch\/","name":"Welttag zur Pr\u00e4vention von sexuellem Kindesmissbrauch","isPartOf":{"@id":"https:\/\/saprea.org\/de\/#website"},"primaryImageOfPage":{"@id":"https:\/\/saprea.org\/de\/news\/welttag-sexueller-kindesmissbrauch\/#primaryimage"},"image":{"@id":"https:\/\/saprea.org\/de\/news\/welttag-sexueller-kindesmissbrauch\/#primaryimage"},"thumbnailUrl":"https:\/\/saprea.org\/wp-content\/uploads\/2022\/11\/UN-World-Day-resolution.jpg","datePublished":"2022-11-15T23:57:52+00:00","dateModified":"2023-11-17T18:01:21+00:00","description":"Die Vereinten Nationen haben den 18. November zum Welttag f\u00fcr die Pr\u00e4vention von und das Heilen von sexueller Ausbeutung.","breadcrumb":{"@id":"https:\/\/saprea.org\/de\/news\/welttag-sexueller-kindesmissbrauch\/#breadcrumb"},"inLanguage":"de","potentialAction":[{"@type":"ReadAction","target":["https:\/\/saprea.org\/de\/news\/welttag-sexueller-kindesmissbrauch\/"]}]},{"@type":"ImageObject","inLanguage":"de","@id":"https:\/\/saprea.org\/de\/news\/welttag-sexueller-kindesmissbrauch\/#primaryimage","url":"https:\/\/saprea.org\/wp-content\/uploads\/2022\/11\/UN-World-Day-resolution.jpg","contentUrl":"https:\/\/saprea.org\/wp-content\/uploads\/2022\/11\/UN-World-Day-resolution.jpg","width":1082,"height":706,"caption":"United Nations press conference"},{"@type":"BreadcrumbList","@id":"https:\/\/saprea.org\/de\/news\/welttag-sexueller-kindesmissbrauch\/#breadcrumb","itemListElement":[{"@type":"ListItem","position":1,"name":"Home","item":"https:\/\/saprea.org\/de\/saprea-homepage\/"},{"@type":"ListItem","position":2,"name":"U.N. erkl\u00e4rt den 18. November zum Welttag zur Pr\u00e4vention von sexuellem Kindesmissbrauch"}]},{"@type":"WebSite","@id":"https:\/\/saprea.org\/de\/#website","url":"https:\/\/saprea.org\/de\/","name":"Saprea","description":"","publisher":{"@id":"https:\/\/saprea.org\/de\/#organization"},"potentialAction":[{"@type":"SearchAction","target":{"@type":"EntryPoint","urlTemplate":"https:\/\/saprea.org\/de\/?s={search_term_string}"},"query-input":{"@type":"PropertyValueSpecification","valueRequired":true,"valueName":"search_term_string"}}],"inLanguage":"de"},{"@type":"Organization","@id":"https:\/\/saprea.org\/de\/#organization","name":"Saprea","url":"https:\/\/saprea.org\/de\/","logo":{"@type":"ImageObject","inLanguage":"de","@id":"https:\/\/saprea.org\/de\/#\/schema\/logo\/image\/","url":"https:\/\/saprea.org\/wp-content\/uploads\/2021\/12\/Vector-7-1.png","contentUrl":"https:\/\/saprea.org\/wp-content\/uploads\/2021\/12\/Vector-7-1.png","width":106,"height":105,"caption":"Saprea"},"image":{"@id":"https:\/\/saprea.org\/de\/#\/schema\/logo\/image\/"},"sameAs":["https:\/\/facebook.com\/saprea.org","https:\/\/x.com\/saprea_org","https:\/\/instagram.com\/youniquefoundation","https:\/\/pinterest.com\/saprea_org","https:\/\/youtube.com\/c\/saprea_org"]}]}},"_links":{"self":[{"href":"https:\/\/saprea.org\/de\/wp-json\/wp\/v2\/news\/6760","targetHints":{"allow":["GET"]}}],"collection":[{"href":"https:\/\/saprea.org\/de\/wp-json\/wp\/v2\/news"}],"about":[{"href":"https:\/\/saprea.org\/de\/wp-json\/wp\/v2\/types\/news"}],"author":[{"embeddable":true,"href":"https:\/\/saprea.org\/de\/wp-json\/wp\/v2\/users\/11"}],"version-history":[{"count":0,"href":"https:\/\/saprea.org\/de\/wp-json\/wp\/v2\/news\/6760\/revisions"}],"wp:featuredmedia":[{"embeddable":true,"href":"https:\/\/saprea.org\/de\/wp-json\/wp\/v2\/media\/5417"}],"wp:attachment":[{"href":"https:\/\/saprea.org\/de\/wp-json\/wp\/v2\/media?parent=6760"}],"wp:term":[{"taxonomy":"category","embeddable":true,"href":"https:\/\/saprea.org\/de\/wp-json\/wp\/v2\/categories?post=6760"}],"curies":[{"name":"wp","href":"https:\/\/api.w.org\/{rel}","templated":true}]}}